{"id":2637,"date":"2019-10-08T18:25:23","date_gmt":"2019-10-08T16:25:23","guid":{"rendered":"https:\/\/eb-elite.fr\/?p=2637"},"modified":"2019-10-08T18:44:18","modified_gmt":"2019-10-08T16:44:18","slug":"instagram-repond-aux-besoins-intimite-utilisateurs","status":"publish","type":"post","link":"https:\/\/eb-elite.fr\/index.php\/2019\/10\/08\/instagram-repond-aux-besoins-intimite-utilisateurs\/","title":{"rendered":"Instagram r\u00e9pond-il enfin aux besoins d&rsquo;intimit\u00e9 de ses utilisateurs ?"},"content":{"rendered":"\n<p class=\"has-drop-cap\"><strong>Instagram <\/strong>avait d\u00e9cid\u00e9 de lancer une nouvelle option de confidentialit\u00e9 vers la fin de l\u2019ann\u00e9e 2018 qui permettait de restreindre les photos et vid\u00e9os \u00e0 ses meilleurs amis en toute intimit\u00e9. Au d\u00e9but, seules les stories pouvaient \u00eatre partag\u00e9es avec les amis proches. C\u2019\u00e9tait d\u00e9j\u00e0 un pas important pour l\u2019application permettant de r\u00e9pondre en partie aux besoins d\u2019intimit\u00e9 d\u2019un grand nombre de ses utilisateurs. Ils pouvaient d\u00e9sormais avoir un compte public et partager des moments plus authentiques avec leur cercle d\u2019amis les plus proches.<\/p>\n\n\n\n<p>Maintenant, <a href=\"https:\/\/www.instagram.com\/\" target=\"_blank\" rel=\"noreferrer noopener\" aria-label=\"Instagram  (s\u2019ouvre dans un nouvel onglet)\">Instagram <\/a>offre la possibilit\u00e9 de partager des photos et vid\u00e9os avec ses amis les plus intimes gr\u00e2ce au lancement de Threads. <\/p>\n\n\n\n<p><a rel=\"noreferrer noopener\" aria-label=\"Instagram  (s\u2019ouvre dans un nouvel onglet)\" href=\"https:\/\/eb-elite.fr\/index.php\/community-management\/\" target=\"_blank\">Instagram <\/a>n&rsquo;a pas int\u00e9gr\u00e9 de filtres sur la cam\u00e9ra de l\u2019application, preuve que l\u2019authenticit\u00e9 des partages avec ses amis proches est une valeur recherch\u00e9e.<\/p>\n\n\n\n<h3>Quel int\u00e9r\u00eat pour\nInstagram&nbsp;?<\/h3>\n\n\n\n<p>En plus de r\u00e9pondre \u00e0 un besoin bien r\u00e9el de ses utilisateurs, l\u2019entreprise cherche \u00e0 obtenir davantage de donn\u00e9es. Cet objectif de r\u00e9colte de donn\u00e9es est \u00e9vident lorsque l\u2019on observe les statuts automatiquement g\u00e9n\u00e9r\u00e9s sur Threads : \u00e0 la maison, en voiture, en batterie faible, \u00e0 la plage\u2026 <\/p>\n\n\n\n<p>C\u2019est sous couvert d\u2019une confidentialit\u00e9 ma\u00eetris\u00e9e qu\u2019Instagram incite l\u2019utilisateur \u00e0 activer cette option.<\/p>\n\n\n\n<h3>La story de groupe pour plus d&rsquo;intimit\u00e9 ?<\/h3>\n\n\n\n<p>Instagram teste actuellement la fonctionnalit\u00e9 de cr\u00e9er des stories d\u00e9di\u00e9es \u00e0 ces groupes d\u2019amis&nbsp;! Gr\u00e2ce \u00e0 la fonctionnalit\u00e9 \u00ab&nbsp;Amis proches&nbsp;\u00bb Instagram a permis de confirmer l\u2019int\u00e9r\u00eat des partages priv\u00e9s. Threads a ensuite permis \u00e0 ses utilisateurs de discuter avec plusieurs groupes d\u2019amis via la messagerie d\u2019Instagram et de s\u2019\u00e9changer des photos ou des vid\u00e9os. <\/p>\n\n\n\n<p>Il est donc logique que la prochaine \u00e9tape soit d\u2019offrir le choix de publier, pour chaque photo ou vid\u00e9o captur\u00e9e via la cam\u00e9ra d\u2019Instagram, sur : votre story publique, la story r\u00e9serv\u00e9e \u00e0 vos amis proches et celle r\u00e9serv\u00e9e \u00e0 tel ou tel groupe d\u2019amis.<\/p>\n\n\n\n<p>Instagram semble avoir\nr\u00e9ussi \u00e0 faire revivre et d\u00e9velopper les cercles disparus de Google+ avec une\nr\u00e9ussite pour le moment bien plus palpable que celle rencontr\u00e9e par l\u2019ancien\nr\u00e9seau social de Google. Cette strat\u00e9gie devrait \u00e9galement lui permettre de concurrencer\nson rival Snapchat avec encore plus de succ\u00e8s.<\/p>\n","protected":false},"excerpt":{"rendered":"<p>Instagram avait d\u00e9cid\u00e9 de lancer une nouvelle option de confidentialit\u00e9 vers la fin de l\u2019ann\u00e9e 2018 qui permettait de restreindre les photos et vid\u00e9os \u00e0 ses meilleurs amis en toute intimit\u00e9. Au d\u00e9but, seules les stories pouvaient \u00eatre partag\u00e9es avec les amis proches. C\u2019\u00e9tait d\u00e9j\u00e0 un pas important pour l\u2019application permettant de r\u00e9pondre en partie aux besoins d\u2019intimit\u00e9 d\u2019un grand &hellip;<\/p>\n","protected":false},"author":1,"featured_media":2639,"comment_status":"open","ping_status":"open","sticky":false,"template":"","format":"image","meta":[],"categories":[33],"tags":[],"yoast_head":"<!-- This site is optimized with the Yoast SEO plugin v15.0 - https:\/\/yoast.com\/wordpress\/plugins\/seo\/ -->\n<title>Instagram r\u00e9pond-il enfin aux besoins d&#039;intimit\u00e9 de ses utilisateurs ?<\/title>\n<meta name=\"description\" content=\"Instagram lance une nouvelle option de confidentialit\u00e9 qui permettrait de restreindre le partage de photos et vid\u00e9os \u00e0 ses meilleurs amis en toute intimit\u00e9.\" \/>\n<meta name=\"robots\" content=\"index, follow, max-snippet:-1, max-image-preview:large, max-video-preview:-1\" \/>\n<link rel=\"canonical\" href=\"https:\/\/eb-elite.fr\/index.php\/2019\/10\/08\/instagram-repond-aux-besoins-intimite-utilisateurs\/\" \/>\n<meta property=\"og:locale\" content=\"fr_FR\" \/>\n<meta property=\"og:type\" content=\"article\" \/>\n<meta property=\"og:title\" content=\"Instagram r\u00e9pond-il enfin aux besoins d&#039;intimit\u00e9 de ses utilisateurs ?\" \/>\n<meta property=\"og:description\" content=\"Instagram lance une nouvelle option de confidentialit\u00e9 qui permettrait de restreindre le partage de photos et vid\u00e9os \u00e0 ses meilleurs amis en toute intimit\u00e9.\" \/>\n<meta property=\"og:url\" content=\"https:\/\/eb-elite.fr\/index.php\/2019\/10\/08\/instagram-repond-aux-besoins-intimite-utilisateurs\/\" \/>\n<meta property=\"og:site_name\" content=\"Eb Elite\" \/>\n<meta property=\"article:publisher\" content=\"https:\/\/www.facebook.com\/ebagency\" \/>\n<meta property=\"article:published_time\" content=\"2019-10-08T16:25:23+00:00\" \/>\n<meta property=\"article:modified_time\" content=\"2019-10-08T16:44:18+00:00\" \/>\n<meta property=\"og:image\" content=\"https:\/\/eb-elite.fr\/wp-content\/uploads\/2019\/10\/cover_article_elite_08_10.jpg\" \/>\n\t<meta property=\"og:image:width\" content=\"2480\" \/>\n\t<meta property=\"og:image:height\" content=\"3508\" \/>\n<meta name=\"twitter:card\" content=\"summary_large_image\" \/>\n<meta name=\"twitter:creator\" content=\"@eb_elite\" \/>\n<meta name=\"twitter:site\" content=\"@eb_elite\" \/>\n<script type=\"application\/ld+json\" class=\"yoast-schema-graph\">{\"@context\":\"https:\/\/schema.org\",\"@graph\":[{\"@type\":\"Organization\",\"@id\":\"https:\/\/eb-elite.fr\/#organization\",\"name\":\"EB Elite\",\"url\":\"https:\/\/eb-elite.fr\/\",\"sameAs\":[\"https:\/\/www.facebook.com\/ebagency\",\"https:\/\/www.instagram.com\/eb.communication\/?hl=fr\",\"https:\/\/www.linkedin.com\/company\/14776230\",\"https:\/\/twitter.com\/eb_elite\"],\"logo\":{\"@type\":\"ImageObject\",\"@id\":\"https:\/\/eb-elite.fr\/#logo\",\"inLanguage\":\"fr-FR\",\"url\":\"https:\/\/eb-elite.fr\/wp-content\/uploads\/2018\/12\/logo_horizental-2.png\",\"width\":310,\"height\":417,\"caption\":\"EB Elite\"},\"image\":{\"@id\":\"https:\/\/eb-elite.fr\/#logo\"}},{\"@type\":\"WebSite\",\"@id\":\"https:\/\/eb-elite.fr\/#website\",\"url\":\"https:\/\/eb-elite.fr\/\",\"name\":\"EB ELITE\",\"description\":\"Marketing &amp; communication\",\"publisher\":{\"@id\":\"https:\/\/eb-elite.fr\/#organization\"},\"potentialAction\":[{\"@type\":\"SearchAction\",\"target\":\"https:\/\/eb-elite.fr\/?s={search_term_string}\",\"query-input\":\"required name=search_term_string\"}],\"inLanguage\":\"fr-FR\"},{\"@type\":\"ImageObject\",\"@id\":\"https:\/\/eb-elite.fr\/index.php\/2019\/10\/08\/instagram-repond-aux-besoins-intimite-utilisateurs\/#primaryimage\",\"inLanguage\":\"fr-FR\",\"url\":\"https:\/\/eb-elite.fr\/wp-content\/uploads\/2019\/10\/cover_article_elite_08_10.jpg\",\"width\":2480,\"height\":3508,\"caption\":\"Instagram intimit\\u00e9\"},{\"@type\":\"WebPage\",\"@id\":\"https:\/\/eb-elite.fr\/index.php\/2019\/10\/08\/instagram-repond-aux-besoins-intimite-utilisateurs\/#webpage\",\"url\":\"https:\/\/eb-elite.fr\/index.php\/2019\/10\/08\/instagram-repond-aux-besoins-intimite-utilisateurs\/\",\"name\":\"Instagram r\\u00e9pond-il enfin aux besoins d'intimit\\u00e9 de ses utilisateurs ?\",\"isPartOf\":{\"@id\":\"https:\/\/eb-elite.fr\/#website\"},\"primaryImageOfPage\":{\"@id\":\"https:\/\/eb-elite.fr\/index.php\/2019\/10\/08\/instagram-repond-aux-besoins-intimite-utilisateurs\/#primaryimage\"},\"datePublished\":\"2019-10-08T16:25:23+00:00\",\"dateModified\":\"2019-10-08T16:44:18+00:00\",\"description\":\"Instagram lance une nouvelle option de confidentialit\\u00e9 qui permettrait de restreindre le partage de photos et vid\\u00e9os \\u00e0 ses meilleurs amis en toute intimit\\u00e9.\",\"inLanguage\":\"fr-FR\",\"potentialAction\":[{\"@type\":\"ReadAction\",\"target\":[\"https:\/\/eb-elite.fr\/index.php\/2019\/10\/08\/instagram-repond-aux-besoins-intimite-utilisateurs\/\"]}]},{\"@type\":\"Article\",\"@id\":\"https:\/\/eb-elite.fr\/index.php\/2019\/10\/08\/instagram-repond-aux-besoins-intimite-utilisateurs\/#article\",\"isPartOf\":{\"@id\":\"https:\/\/eb-elite.fr\/index.php\/2019\/10\/08\/instagram-repond-aux-besoins-intimite-utilisateurs\/#webpage\"},\"author\":{\"@id\":\"https:\/\/eb-elite.fr\/#\/schema\/person\/522b209365e77c679534ae18d0755e43\"},\"headline\":\"Instagram r\\u00e9pond-il enfin aux besoins d&rsquo;intimit\\u00e9 de ses utilisateurs ?\",\"datePublished\":\"2019-10-08T16:25:23+00:00\",\"dateModified\":\"2019-10-08T16:44:18+00:00\",\"mainEntityOfPage\":{\"@id\":\"https:\/\/eb-elite.fr\/index.php\/2019\/10\/08\/instagram-repond-aux-besoins-intimite-utilisateurs\/#webpage\"},\"commentCount\":0,\"publisher\":{\"@id\":\"https:\/\/eb-elite.fr\/#organization\"},\"image\":{\"@id\":\"https:\/\/eb-elite.fr\/index.php\/2019\/10\/08\/instagram-repond-aux-besoins-intimite-utilisateurs\/#primaryimage\"},\"articleSection\":\"Marketing\",\"inLanguage\":\"fr-FR\",\"potentialAction\":[{\"@type\":\"CommentAction\",\"name\":\"Comment\",\"target\":[\"https:\/\/eb-elite.fr\/index.php\/2019\/10\/08\/instagram-repond-aux-besoins-intimite-utilisateurs\/#respond\"]}]},{\"@type\":\"Person\",\"@id\":\"https:\/\/eb-elite.fr\/#\/schema\/person\/522b209365e77c679534ae18d0755e43\",\"name\":\"Ella B.\",\"image\":{\"@type\":\"ImageObject\",\"@id\":\"https:\/\/eb-elite.fr\/#personlogo\",\"inLanguage\":\"fr-FR\",\"url\":\"https:\/\/secure.gravatar.com\/avatar\/23a43e020339fa90bacf49239417412a?s=96&d=mm&r=g\",\"caption\":\"Ella B.\"},\"description\":\"Passionn\\u00e9e par l'\\u00e9criture et le digital, je d\\u00e9niche toutes les nouveaut\\u00e9s du marketing digital pour vous en informer !\",\"sameAs\":[\"https:\/\/www.linkedin.com\/in\/ella-brabra\/\"]}]}<\/script>\n<!-- \/ Yoast SEO plugin. -->","_links":{"self":[{"href":"https:\/\/eb-elite.fr\/index.php\/wp-json\/wp\/v2\/posts\/2637"}],"collection":[{"href":"https:\/\/eb-elite.fr\/index.php\/wp-json\/wp\/v2\/posts"}],"about":[{"href":"https:\/\/eb-elite.fr\/index.php\/wp-json\/wp\/v2\/types\/post"}],"author":[{"embeddable":true,"href":"https:\/\/eb-elite.fr\/index.php\/wp-json\/wp\/v2\/users\/1"}],"replies":[{"embeddable":true,"href":"https:\/\/eb-elite.fr\/index.php\/wp-json\/wp\/v2\/comments?post=2637"}],"version-history":[{"count":4,"href":"https:\/\/eb-elite.fr\/index.php\/wp-json\/wp\/v2\/posts\/2637\/revisions"}],"predecessor-version":[{"id":2643,"href":"https:\/\/eb-elite.fr\/index.php\/wp-json\/wp\/v2\/posts\/2637\/revisions\/2643"}],"wp:featuredmedia":[{"embeddable":true,"href":"https:\/\/eb-elite.fr\/index.php\/wp-json\/wp\/v2\/media\/2639"}],"wp:attachment":[{"href":"https:\/\/eb-elite.fr\/index.php\/wp-json\/wp\/v2\/media?parent=2637"}],"wp:term":[{"taxonomy":"category","embeddable":true,"href":"https:\/\/eb-elite.fr\/index.php\/wp-json\/wp\/v2\/categories?post=2637"},{"taxonomy":"post_tag","embeddable":true,"href":"https:\/\/eb-elite.fr\/index.php\/wp-json\/wp\/v2\/tags?post=2637"}],"curies":[{"name":"wp","href":"https:\/\/api.w.org\/{rel}","templated":true}]}}