{"id":3231,"date":"2019-11-26T16:14:33","date_gmt":"2019-11-26T15:14:33","guid":{"rendered":"https:\/\/eb-elite.fr\/?p=3231"},"modified":"2019-11-26T16:14:34","modified_gmt":"2019-11-26T15:14:34","slug":"pourquoi-les-influenceuses-ont-deserte-instagram-pendant-48h","status":"publish","type":"post","link":"https:\/\/eb-elite.fr\/index.php\/2019\/11\/26\/pourquoi-les-influenceuses-ont-deserte-instagram-pendant-48h\/","title":{"rendered":"Pourquoi les influenceuses ont d\u00e9sert\u00e9 Instagram pendant 48h?"},"content":{"rendered":"\n<p>Laura Calu, Adrianne Trends, Pastel et bien d\u2019autres influenceuses partageaient le mercredi 20 novembre, le m\u00eame type de contenu sur Instagram\u00a0! Une image noire avec deux dates \u00e9crites en blanches et en l\u00e9gende des photos, une explication de pourquoi elles veulent se retirer des r\u00e9seaux sociaux pendant un certain temps.<\/p>\n\n\n\n<p>Certains abonn\u00e9s se sont inqui\u00e9t\u00e9s\n\u00e0 ces nouvelles et se sont exprim\u00e9s sur ce sujet dans les commentaires. Malgr\u00e9\nles inqui\u00e9tudes, les instagrameuses allaient parfaitement bien. <\/p>\n\n\n\n<p>Elles participaient en\nr\u00e9alit\u00e9 \u00e0 une vaste campagne de sensibilisation pour lutter contre les\nviolences faites aux femmes&nbsp;! <\/p>\n\n\n\n<p>La campagne n\u2019est pas\nsans rappeler celle de la marque Jennyfer au moment de son rebranding. Des\ndizaines d\u2019influenceurs avaient en effet partag\u00e9 une m\u00eame story. <\/p>\n\n\n\n<h2>Qui se cachait derri\u00e8re\ncette campagne?<\/h2>\n\n\n\n<p>Cette campagne a \u00e9t\u00e9 \u00e9labor\u00e9 par l\u2019agence de <a href=\"https:\/\/eb-elite.fr\/index.php\/2019\/10\/03\/streamers-influenceurs-plus-authentiques\/\" target=\"_blank\" rel=\"noreferrer noopener\" aria-label=\"marketing d\u2019influence  (s\u2019ouvre dans un nouvel onglet)\">marketing d\u2019influence <\/a>Influence4You en collaboration avec l\u2019agence de communication, Gloryparis. Ces deux entreprises ont \u00e9t\u00e9 choisies par l\u2019association ONU Femmes pour les aider \u00e0 bien mener leur campagne de sensibilisation. L\u2019organisme a pour objectif de lutter contre les f\u00e9minicides.<\/p>\n\n\n\n<h2>Pourquoi faire appel aux\nInstagrameuses&nbsp;?<\/h2>\n\n\n\n<p>C\u2019est une triste v\u00e9rit\u00e9\nmais les deux agences ont remarqu\u00e9 que plus d\u2019articles sont publi\u00e9s lorsqu\u2019une\npersonnalit\u00e9 d\u00e9cide de se retirer des r\u00e9seaux sociaux que lorsqu\u2019une campagne\nde sensibilisation pour lutter contre les violences faites aux femmes est\nlanc\u00e9e.<\/p>\n\n\n\n<p>Les deux agences ont alors d\u00e9cid\u00e9 de faire appel \u00e0 des dizaines d\u2019influenceuses Instagram et leurs ont demand\u00e9 de ne pas interagir avec leur communaut\u00e9 pendant 48h afin d\u2019attirer l\u2019attention des m\u00e9dias et du grand public.<\/p>\n\n\n\n<h2>30 instagrameuses ont\nparticip\u00e9<\/h2>\n\n\n\n<p>Parmi les participantes, on\npeut noter les YouTubeuses Laura Calu, Pastel et Adrianne trends. Les comptes \u00ab\nGarde tes conseils \u00bb et \u00ab Tziganette \u00bb ont aussi r\u00e9pondu favorablement \u00e0\nl\u2019appel. Ce sont 30 influenceuses au total qui ont d\u00e9cid\u00e9 de participer \u00e0 cette\naction et qui se sont engag\u00e9es \u00e0 faire passer le message de l\u2019association de\nmani\u00e8re b\u00e9n\u00e9vole&nbsp;!<\/p>\n\n\n\n<p>Sur leur post Instagram,\ndeux dates \u00e9taient not\u00e9es en blanc sur un fond noir. La premi\u00e8re date\ncorrespondait \u00e0 la date d\u2019ouverture de leur compte Instagram et la seconde \u00e0\ncelle de la fermeture de leur profil. <\/p>\n\n\n\n<p>L\u2019objectif \u00e9tant bien entendu d\u2019attirer l\u2019attention de leur communaut\u00e9 et des m\u00e9dias afin de faire entendre la voix des victimes. Selon une \u00e9tude men\u00e9e par la fondation Jean Jaur\u00e8s et l\u2019IFO, 86% des femmes en France auraient d\u00e9j\u00e0 subi au moins une forme d\u2019atteinte ou d\u2019agression sexuelle dans la rue\u00a0! <\/p>\n\n\n\n<p>De plus, en octobre 2019, 121 f\u00e9minicides ont eu lieu en France, soit le nombre total d\u2019actes similaires durant l\u2019ann\u00e9e 2018.<\/p>\n","protected":false},"excerpt":{"rendered":"<p>Laura Calu, Adrianne Trends, Pastel et bien d\u2019autres influenceuses partageaient le mercredi 20 novembre, le m\u00eame type de contenu sur Instagram\u00a0! Une image noire avec deux dates \u00e9crites en blanches et en l\u00e9gende des photos, une explication de pourquoi elles veulent se retirer des r\u00e9seaux sociaux pendant un certain temps. Certains abonn\u00e9s se sont inqui\u00e9t\u00e9s \u00e0 ces nouvelles et se &hellip;<\/p>\n","protected":false},"author":1,"featured_media":3232,"comment_status":"open","ping_status":"open","sticky":false,"template":"","format":"image","meta":[],"categories":[33],"tags":[],"yoast_head":"<!-- This site is optimized with the Yoast SEO plugin v15.0 - https:\/\/yoast.com\/wordpress\/plugins\/seo\/ -->\n<title>Pourquoi les influenceuses ont d\u00e9sert\u00e9 Instagram pendant 48h?<\/title>\n<meta name=\"description\" content=\"Laura Calu, Adrianne Trends, Pastel et bien d\u2019autres influenceuses partageaient le mercredi 20 novembre, le m\u00eame type de contenu sur Instagram !\" \/>\n<meta name=\"robots\" content=\"index, follow, max-snippet:-1, max-image-preview:large, max-video-preview:-1\" \/>\n<link rel=\"canonical\" href=\"https:\/\/eb-elite.fr\/index.php\/2019\/11\/26\/pourquoi-les-influenceuses-ont-deserte-instagram-pendant-48h\/\" \/>\n<meta property=\"og:locale\" content=\"fr_FR\" \/>\n<meta property=\"og:type\" content=\"article\" \/>\n<meta property=\"og:title\" content=\"Pourquoi les influenceuses ont d\u00e9sert\u00e9 Instagram pendant 48h?\" \/>\n<meta property=\"og:description\" content=\"Laura Calu, Adrianne Trends, Pastel et bien d\u2019autres influenceuses partageaient le mercredi 20 novembre, le m\u00eame type de contenu sur Instagram !\" \/>\n<meta property=\"og:url\" content=\"https:\/\/eb-elite.fr\/index.php\/2019\/11\/26\/pourquoi-les-influenceuses-ont-deserte-instagram-pendant-48h\/\" \/>\n<meta property=\"og:site_name\" content=\"Eb Elite\" \/>\n<meta property=\"article:publisher\" content=\"https:\/\/www.facebook.com\/ebagency\" \/>\n<meta property=\"article:published_time\" content=\"2019-11-26T15:14:33+00:00\" \/>\n<meta property=\"article:modified_time\" content=\"2019-11-26T15:14:34+00:00\" \/>\n<meta property=\"og:image\" content=\"https:\/\/eb-elite.fr\/wp-content\/uploads\/2019\/11\/insta48h.PNG.png\" \/>\n\t<meta property=\"og:image:width\" content=\"599\" \/>\n\t<meta property=\"og:image:height\" content=\"599\" \/>\n<meta name=\"twitter:card\" content=\"summary_large_image\" \/>\n<meta name=\"twitter:creator\" content=\"@eb_elite\" \/>\n<meta name=\"twitter:site\" content=\"@eb_elite\" \/>\n<script type=\"application\/ld+json\" class=\"yoast-schema-graph\">{\"@context\":\"https:\/\/schema.org\",\"@graph\":[{\"@type\":\"Organization\",\"@id\":\"https:\/\/eb-elite.fr\/#organization\",\"name\":\"EB Elite\",\"url\":\"https:\/\/eb-elite.fr\/\",\"sameAs\":[\"https:\/\/www.facebook.com\/ebagency\",\"https:\/\/www.instagram.com\/eb.communication\/?hl=fr\",\"https:\/\/www.linkedin.com\/company\/14776230\",\"https:\/\/twitter.com\/eb_elite\"],\"logo\":{\"@type\":\"ImageObject\",\"@id\":\"https:\/\/eb-elite.fr\/#logo\",\"inLanguage\":\"fr-FR\",\"url\":\"https:\/\/eb-elite.fr\/wp-content\/uploads\/2018\/12\/logo_horizental-2.png\",\"width\":310,\"height\":417,\"caption\":\"EB Elite\"},\"image\":{\"@id\":\"https:\/\/eb-elite.fr\/#logo\"}},{\"@type\":\"WebSite\",\"@id\":\"https:\/\/eb-elite.fr\/#website\",\"url\":\"https:\/\/eb-elite.fr\/\",\"name\":\"EB ELITE\",\"description\":\"Marketing &amp; communication\",\"publisher\":{\"@id\":\"https:\/\/eb-elite.fr\/#organization\"},\"potentialAction\":[{\"@type\":\"SearchAction\",\"target\":\"https:\/\/eb-elite.fr\/?s={search_term_string}\",\"query-input\":\"required name=search_term_string\"}],\"inLanguage\":\"fr-FR\"},{\"@type\":\"ImageObject\",\"@id\":\"https:\/\/eb-elite.fr\/index.php\/2019\/11\/26\/pourquoi-les-influenceuses-ont-deserte-instagram-pendant-48h\/#primaryimage\",\"inLanguage\":\"fr-FR\",\"url\":\"https:\/\/eb-elite.fr\/wp-content\/uploads\/2019\/11\/insta48h.PNG.png\",\"width\":599,\"height\":599,\"caption\":\"influenceuses\"},{\"@type\":\"WebPage\",\"@id\":\"https:\/\/eb-elite.fr\/index.php\/2019\/11\/26\/pourquoi-les-influenceuses-ont-deserte-instagram-pendant-48h\/#webpage\",\"url\":\"https:\/\/eb-elite.fr\/index.php\/2019\/11\/26\/pourquoi-les-influenceuses-ont-deserte-instagram-pendant-48h\/\",\"name\":\"Pourquoi les influenceuses ont d\\u00e9sert\\u00e9 Instagram pendant 48h?\",\"isPartOf\":{\"@id\":\"https:\/\/eb-elite.fr\/#website\"},\"primaryImageOfPage\":{\"@id\":\"https:\/\/eb-elite.fr\/index.php\/2019\/11\/26\/pourquoi-les-influenceuses-ont-deserte-instagram-pendant-48h\/#primaryimage\"},\"datePublished\":\"2019-11-26T15:14:33+00:00\",\"dateModified\":\"2019-11-26T15:14:34+00:00\",\"description\":\"Laura Calu, Adrianne Trends, Pastel et bien d\\u2019autres influenceuses partageaient le mercredi 20 novembre, le m\\u00eame type de contenu sur Instagram !\",\"inLanguage\":\"fr-FR\",\"potentialAction\":[{\"@type\":\"ReadAction\",\"target\":[\"https:\/\/eb-elite.fr\/index.php\/2019\/11\/26\/pourquoi-les-influenceuses-ont-deserte-instagram-pendant-48h\/\"]}]},{\"@type\":\"Article\",\"@id\":\"https:\/\/eb-elite.fr\/index.php\/2019\/11\/26\/pourquoi-les-influenceuses-ont-deserte-instagram-pendant-48h\/#article\",\"isPartOf\":{\"@id\":\"https:\/\/eb-elite.fr\/index.php\/2019\/11\/26\/pourquoi-les-influenceuses-ont-deserte-instagram-pendant-48h\/#webpage\"},\"author\":{\"@id\":\"https:\/\/eb-elite.fr\/#\/schema\/person\/522b209365e77c679534ae18d0755e43\"},\"headline\":\"Pourquoi les influenceuses ont d\\u00e9sert\\u00e9 Instagram pendant 48h?\",\"datePublished\":\"2019-11-26T15:14:33+00:00\",\"dateModified\":\"2019-11-26T15:14:34+00:00\",\"mainEntityOfPage\":{\"@id\":\"https:\/\/eb-elite.fr\/index.php\/2019\/11\/26\/pourquoi-les-influenceuses-ont-deserte-instagram-pendant-48h\/#webpage\"},\"commentCount\":0,\"publisher\":{\"@id\":\"https:\/\/eb-elite.fr\/#organization\"},\"image\":{\"@id\":\"https:\/\/eb-elite.fr\/index.php\/2019\/11\/26\/pourquoi-les-influenceuses-ont-deserte-instagram-pendant-48h\/#primaryimage\"},\"articleSection\":\"Marketing\",\"inLanguage\":\"fr-FR\",\"potentialAction\":[{\"@type\":\"CommentAction\",\"name\":\"Comment\",\"target\":[\"https:\/\/eb-elite.fr\/index.php\/2019\/11\/26\/pourquoi-les-influenceuses-ont-deserte-instagram-pendant-48h\/#respond\"]}]},{\"@type\":\"Person\",\"@id\":\"https:\/\/eb-elite.fr\/#\/schema\/person\/522b209365e77c679534ae18d0755e43\",\"name\":\"Ella B.\",\"image\":{\"@type\":\"ImageObject\",\"@id\":\"https:\/\/eb-elite.fr\/#personlogo\",\"inLanguage\":\"fr-FR\",\"url\":\"https:\/\/secure.gravatar.com\/avatar\/23a43e020339fa90bacf49239417412a?s=96&d=mm&r=g\",\"caption\":\"Ella B.\"},\"description\":\"Passionn\\u00e9e par l'\\u00e9criture et le digital, je d\\u00e9niche toutes les nouveaut\\u00e9s du marketing digital pour vous en informer !\",\"sameAs\":[\"https:\/\/www.linkedin.com\/in\/ella-brabra\/\"]}]}<\/script>\n<!-- \/ Yoast SEO plugin. -->","_links":{"self":[{"href":"https:\/\/eb-elite.fr\/index.php\/wp-json\/wp\/v2\/posts\/3231"}],"collection":[{"href":"https:\/\/eb-elite.fr\/index.php\/wp-json\/wp\/v2\/posts"}],"about":[{"href":"https:\/\/eb-elite.fr\/index.php\/wp-json\/wp\/v2\/types\/post"}],"author":[{"embeddable":true,"href":"https:\/\/eb-elite.fr\/index.php\/wp-json\/wp\/v2\/users\/1"}],"replies":[{"embeddable":true,"href":"https:\/\/eb-elite.fr\/index.php\/wp-json\/wp\/v2\/comments?post=3231"}],"version-history":[{"count":1,"href":"https:\/\/eb-elite.fr\/index.php\/wp-json\/wp\/v2\/posts\/3231\/revisions"}],"predecessor-version":[{"id":3233,"href":"https:\/\/eb-elite.fr\/index.php\/wp-json\/wp\/v2\/posts\/3231\/revisions\/3233"}],"wp:featuredmedia":[{"embeddable":true,"href":"https:\/\/eb-elite.fr\/index.php\/wp-json\/wp\/v2\/media\/3232"}],"wp:attachment":[{"href":"https:\/\/eb-elite.fr\/index.php\/wp-json\/wp\/v2\/media?parent=3231"}],"wp:term":[{"taxonomy":"category","embeddable":true,"href":"https:\/\/eb-elite.fr\/index.php\/wp-json\/wp\/v2\/categories?post=3231"},{"taxonomy":"post_tag","embeddable":true,"href":"https:\/\/eb-elite.fr\/index.php\/wp-json\/wp\/v2\/tags?post=3231"}],"curies":[{"name":"wp","href":"https:\/\/api.w.org\/{rel}","templated":true}]}}