{"id":3234,"date":"2019-11-28T11:36:38","date_gmt":"2019-11-28T10:36:38","guid":{"rendered":"https:\/\/eb-elite.fr\/?p=3234"},"modified":"2019-11-28T11:36:39","modified_gmt":"2019-11-28T10:36:39","slug":"pourquoi-coca-cola-lance-une-de-noel-sur-la-diversite","status":"publish","type":"post","link":"https:\/\/eb-elite.fr\/index.php\/2019\/11\/28\/pourquoi-coca-cola-lance-une-de-noel-sur-la-diversite\/","title":{"rendered":"Pourquoi Coca-Cola lance une campagne de No\u00ebl sur la diversit\u00e9 ?"},"content":{"rendered":"\n<p>Coca-Cola lancera sa\nnouvelle campagne de publicit\u00e9 pour No\u00ebl le dimanche 1<sup>er<\/sup> d\u00e9cembre.\nLe th\u00e8me de la campagne&nbsp;? L&rsquo;inclusion sociale et la diversit\u00e9&nbsp;!<\/p>\n\n\n\n<p>La marque c\u00e9l\u00e9brait ses\n100 ans en France avec une campagne institutionnelle appel\u00e9e \u00ab 100 ans Ensemble\n\u00bb &nbsp;depuis avril 2019. Elle a choisi de mettre\n\u00e0 profit sa campagne de No\u00ebl pour passer un message fort gr\u00e2ce \u00e0 ses spots\npublicitaires, qui seront diffus\u00e9s tout au long du mois de d\u00e9cembre. Le but de\ncette campagne \u00e9tant d\u2019interpeller le t\u00e9l\u00e9spectateur \u00e0 se questionner sur le\nregard porter sur l&rsquo;autre et l&rsquo;encourager \u00e0 aller au-del\u00e0 des pr\u00e9jug\u00e9s.<\/p>\n\n\n\n<h2>\u00ab&nbsp;Nous avons tant \u00e0\npartager&nbsp;\u00bb<\/h2>\n\n\n\n<p><a href=\"https:\/\/www.coca-cola-france.fr\/\" target=\"_blank\" rel=\"noreferrer noopener\" aria-label=\"Coca-Cola (s\u2019ouvre dans un nouvel onglet)\">Coca-Cola<\/a> place donc l\u2019inclusion sociale au c\u0153ur de sa campagne publicitaire de No\u00ebl avec son slogan \u00ab\u00a0Nous avons tant \u00e0 partager\u00a0\u00bb.<\/p>\n\n\n\n<p>Astrid Valembois,\ndirectrice des marques Coca-Cola en France explique&nbsp;:<\/p>\n\n\n\n<p>\u00ab&nbsp;Nous avons\nsouhait\u00e9 donner un ton in\u00e9dit sur l&rsquo;atmosph\u00e8re magique de No\u00ebl. Nous installons\nles codes autour de la f\u00e9erie de No\u00ebl, tout en interpellant le t\u00e9l\u00e9spectateur,\nen d\u00e9crivant le P\u00e8re No\u00ebl comme une personne \u00e9trang\u00e8re qui vient de loin, mais\ndont Coca-Cola l&rsquo;accueille avec beaucoup de bonheur. L&rsquo;objectif \u00e0 travers cette\nm\u00e9canique cr\u00e9ative est d&rsquo;instaurer de la conversation et de passer un\nmessage&nbsp;\u00bb. <\/p>\n\n\n\n<p>La campagne sera lanc\u00e9e\nle 1<sup>er<\/sup> d\u00e9cembre et sera diffus\u00e9e jusqu\u2019au 31 du m\u00eame mois sous forme\nde spot publicitaire de 45 et 30 secondes sur les cha\u00eenes nationales et\nsatellites.<\/p>\n\n\n\n<p>\u00ab&nbsp;Nous serons\n\u00e9galement sur les m\u00e9dias online et nous avons pris le parti de communiquer en\ncin\u00e9ma \u00e0 compter du mercredi 4 d\u00e9cembre&nbsp;\u00bb, ajoute Astrid Valembois.<\/p>\n\n\n\n<h2>L\u2019avantage des campagnes\nengag\u00e9es<\/h2>\n\n\n\n<p>Le marketing engag\u00e9 fait\nle buzz&nbsp;! C\u2019est pourquoi le marketing engag\u00e9 est en croissance. Les\nmarques cr\u00e9ent de plus en plus de publicit\u00e9s engag\u00e9es et s\u2019attaquent \u00e0 de\nmultiples causes. <\/p>\n\n\n\n<p>Ces campagnes enregistrent\ng\u00e9n\u00e9ralement plus de vues que les campagnes publicitaires habituelles et pr\u00e9sentent\nsouvent un meilleur taux d\u2019engagement.<\/p>\n\n\n\n<h2>Comment r\u00e9ussir de telles\ncampagnes&nbsp;?<\/h2>\n\n\n\n<p>Il est important de bien\nchoisir la cause \u00e0 d\u00e9fendre&nbsp;! Il faut qu\u2019elle corresponde aux valeurs\u202fde\nla marque. Le plus important donc est que la marque s\u2019approprie la cause\nqu\u2019elle d\u00e9fend dans ses campagnes marketing. Choisissez \u00e9galement le bon\nmoment\u202fpour lancer votre campagne pour qu\u2019elle puisse avoir une plus grande\nr\u00e9sonance et qu\u2019elle booste l\u2019engagement de votre audience.<\/p>\n","protected":false},"excerpt":{"rendered":"<p>Coca-Cola lancera sa nouvelle campagne de publicit\u00e9 pour No\u00ebl le dimanche 1er d\u00e9cembre. Le th\u00e8me de la campagne&nbsp;? L&rsquo;inclusion sociale et la diversit\u00e9&nbsp;! La marque c\u00e9l\u00e9brait ses 100 ans en France avec une campagne institutionnelle appel\u00e9e \u00ab 100 ans Ensemble \u00bb &nbsp;depuis avril 2019. Elle a choisi de mettre \u00e0 profit sa campagne de No\u00ebl pour passer un message fort &hellip;<\/p>\n","protected":false},"author":1,"featured_media":3235,"comment_status":"open","ping_status":"open","sticky":false,"template":"","format":"image","meta":[],"categories":[33],"tags":[],"yoast_head":"<!-- This site is optimized with the Yoast SEO plugin v15.0 - https:\/\/yoast.com\/wordpress\/plugins\/seo\/ -->\n<title>Pourquoi Coca-Cola lance une campagne de No\u00ebl sur la diversit\u00e9 ?<\/title>\n<meta name=\"description\" content=\"Coca-Cola lancera sa nouvelle campagne de publicit\u00e9 pour No\u00ebl le dimanche 1er d\u00e9cembre. Le th\u00e8me de la campagne ? L&#039;inclusion sociale et la diversit\u00e9 !\" \/>\n<meta name=\"robots\" content=\"index, follow, max-snippet:-1, max-image-preview:large, max-video-preview:-1\" \/>\n<link rel=\"canonical\" href=\"https:\/\/eb-elite.fr\/index.php\/2019\/11\/28\/pourquoi-coca-cola-lance-une-de-noel-sur-la-diversite\/\" \/>\n<meta property=\"og:locale\" content=\"fr_FR\" \/>\n<meta property=\"og:type\" content=\"article\" \/>\n<meta property=\"og:title\" content=\"Pourquoi Coca-Cola lance une campagne de No\u00ebl sur la diversit\u00e9 ?\" \/>\n<meta property=\"og:description\" content=\"Coca-Cola lancera sa nouvelle campagne de publicit\u00e9 pour No\u00ebl le dimanche 1er d\u00e9cembre. Le th\u00e8me de la campagne ? L&#039;inclusion sociale et la diversit\u00e9 !\" \/>\n<meta property=\"og:url\" content=\"https:\/\/eb-elite.fr\/index.php\/2019\/11\/28\/pourquoi-coca-cola-lance-une-de-noel-sur-la-diversite\/\" \/>\n<meta property=\"og:site_name\" content=\"Eb Elite\" \/>\n<meta property=\"article:publisher\" content=\"https:\/\/www.facebook.com\/ebagency\" \/>\n<meta property=\"article:published_time\" content=\"2019-11-28T10:36:38+00:00\" \/>\n<meta property=\"article:modified_time\" content=\"2019-11-28T10:36:39+00:00\" \/>\n<meta property=\"og:image\" content=\"https:\/\/eb-elite.fr\/wp-content\/uploads\/2019\/11\/coca_cola_noel.jpg\" \/>\n\t<meta property=\"og:image:width\" content=\"2835\" \/>\n\t<meta property=\"og:image:height\" content=\"1898\" \/>\n<meta name=\"twitter:card\" content=\"summary_large_image\" \/>\n<meta name=\"twitter:creator\" content=\"@eb_elite\" \/>\n<meta name=\"twitter:site\" content=\"@eb_elite\" \/>\n<script type=\"application\/ld+json\" class=\"yoast-schema-graph\">{\"@context\":\"https:\/\/schema.org\",\"@graph\":[{\"@type\":\"Organization\",\"@id\":\"https:\/\/eb-elite.fr\/#organization\",\"name\":\"EB Elite\",\"url\":\"https:\/\/eb-elite.fr\/\",\"sameAs\":[\"https:\/\/www.facebook.com\/ebagency\",\"https:\/\/www.instagram.com\/eb.communication\/?hl=fr\",\"https:\/\/www.linkedin.com\/company\/14776230\",\"https:\/\/twitter.com\/eb_elite\"],\"logo\":{\"@type\":\"ImageObject\",\"@id\":\"https:\/\/eb-elite.fr\/#logo\",\"inLanguage\":\"fr-FR\",\"url\":\"https:\/\/eb-elite.fr\/wp-content\/uploads\/2018\/12\/logo_horizental-2.png\",\"width\":310,\"height\":417,\"caption\":\"EB Elite\"},\"image\":{\"@id\":\"https:\/\/eb-elite.fr\/#logo\"}},{\"@type\":\"WebSite\",\"@id\":\"https:\/\/eb-elite.fr\/#website\",\"url\":\"https:\/\/eb-elite.fr\/\",\"name\":\"EB ELITE\",\"description\":\"Marketing &amp; communication\",\"publisher\":{\"@id\":\"https:\/\/eb-elite.fr\/#organization\"},\"potentialAction\":[{\"@type\":\"SearchAction\",\"target\":\"https:\/\/eb-elite.fr\/?s={search_term_string}\",\"query-input\":\"required name=search_term_string\"}],\"inLanguage\":\"fr-FR\"},{\"@type\":\"ImageObject\",\"@id\":\"https:\/\/eb-elite.fr\/index.php\/2019\/11\/28\/pourquoi-coca-cola-lance-une-de-noel-sur-la-diversite\/#primaryimage\",\"inLanguage\":\"fr-FR\",\"url\":\"https:\/\/eb-elite.fr\/wp-content\/uploads\/2019\/11\/coca_cola_noel.jpg\",\"width\":2835,\"height\":1898,\"caption\":\"coca_cola no\\u00ebl\"},{\"@type\":\"WebPage\",\"@id\":\"https:\/\/eb-elite.fr\/index.php\/2019\/11\/28\/pourquoi-coca-cola-lance-une-de-noel-sur-la-diversite\/#webpage\",\"url\":\"https:\/\/eb-elite.fr\/index.php\/2019\/11\/28\/pourquoi-coca-cola-lance-une-de-noel-sur-la-diversite\/\",\"name\":\"Pourquoi Coca-Cola lance une campagne de No\\u00ebl sur la diversit\\u00e9 ?\",\"isPartOf\":{\"@id\":\"https:\/\/eb-elite.fr\/#website\"},\"primaryImageOfPage\":{\"@id\":\"https:\/\/eb-elite.fr\/index.php\/2019\/11\/28\/pourquoi-coca-cola-lance-une-de-noel-sur-la-diversite\/#primaryimage\"},\"datePublished\":\"2019-11-28T10:36:38+00:00\",\"dateModified\":\"2019-11-28T10:36:39+00:00\",\"description\":\"Coca-Cola lancera sa nouvelle campagne de publicit\\u00e9 pour No\\u00ebl le dimanche 1er d\\u00e9cembre. Le th\\u00e8me de la campagne ? L'inclusion sociale et la diversit\\u00e9 !\",\"inLanguage\":\"fr-FR\",\"potentialAction\":[{\"@type\":\"ReadAction\",\"target\":[\"https:\/\/eb-elite.fr\/index.php\/2019\/11\/28\/pourquoi-coca-cola-lance-une-de-noel-sur-la-diversite\/\"]}]},{\"@type\":\"Article\",\"@id\":\"https:\/\/eb-elite.fr\/index.php\/2019\/11\/28\/pourquoi-coca-cola-lance-une-de-noel-sur-la-diversite\/#article\",\"isPartOf\":{\"@id\":\"https:\/\/eb-elite.fr\/index.php\/2019\/11\/28\/pourquoi-coca-cola-lance-une-de-noel-sur-la-diversite\/#webpage\"},\"author\":{\"@id\":\"https:\/\/eb-elite.fr\/#\/schema\/person\/522b209365e77c679534ae18d0755e43\"},\"headline\":\"Pourquoi Coca-Cola lance une campagne de No\\u00ebl sur la diversit\\u00e9 ?\",\"datePublished\":\"2019-11-28T10:36:38+00:00\",\"dateModified\":\"2019-11-28T10:36:39+00:00\",\"mainEntityOfPage\":{\"@id\":\"https:\/\/eb-elite.fr\/index.php\/2019\/11\/28\/pourquoi-coca-cola-lance-une-de-noel-sur-la-diversite\/#webpage\"},\"commentCount\":0,\"publisher\":{\"@id\":\"https:\/\/eb-elite.fr\/#organization\"},\"image\":{\"@id\":\"https:\/\/eb-elite.fr\/index.php\/2019\/11\/28\/pourquoi-coca-cola-lance-une-de-noel-sur-la-diversite\/#primaryimage\"},\"articleSection\":\"Marketing\",\"inLanguage\":\"fr-FR\",\"potentialAction\":[{\"@type\":\"CommentAction\",\"name\":\"Comment\",\"target\":[\"https:\/\/eb-elite.fr\/index.php\/2019\/11\/28\/pourquoi-coca-cola-lance-une-de-noel-sur-la-diversite\/#respond\"]}]},{\"@type\":\"Person\",\"@id\":\"https:\/\/eb-elite.fr\/#\/schema\/person\/522b209365e77c679534ae18d0755e43\",\"name\":\"Ella B.\",\"image\":{\"@type\":\"ImageObject\",\"@id\":\"https:\/\/eb-elite.fr\/#personlogo\",\"inLanguage\":\"fr-FR\",\"url\":\"https:\/\/secure.gravatar.com\/avatar\/23a43e020339fa90bacf49239417412a?s=96&d=mm&r=g\",\"caption\":\"Ella B.\"},\"description\":\"Passionn\\u00e9e par l'\\u00e9criture et le digital, je d\\u00e9niche toutes les nouveaut\\u00e9s du marketing digital pour vous en informer !\",\"sameAs\":[\"https:\/\/www.linkedin.com\/in\/ella-brabra\/\"]}]}<\/script>\n<!-- \/ Yoast SEO plugin. -->","_links":{"self":[{"href":"https:\/\/eb-elite.fr\/index.php\/wp-json\/wp\/v2\/posts\/3234"}],"collection":[{"href":"https:\/\/eb-elite.fr\/index.php\/wp-json\/wp\/v2\/posts"}],"about":[{"href":"https:\/\/eb-elite.fr\/index.php\/wp-json\/wp\/v2\/types\/post"}],"author":[{"embeddable":true,"href":"https:\/\/eb-elite.fr\/index.php\/wp-json\/wp\/v2\/users\/1"}],"replies":[{"embeddable":true,"href":"https:\/\/eb-elite.fr\/index.php\/wp-json\/wp\/v2\/comments?post=3234"}],"version-history":[{"count":1,"href":"https:\/\/eb-elite.fr\/index.php\/wp-json\/wp\/v2\/posts\/3234\/revisions"}],"predecessor-version":[{"id":3236,"href":"https:\/\/eb-elite.fr\/index.php\/wp-json\/wp\/v2\/posts\/3234\/revisions\/3236"}],"wp:featuredmedia":[{"embeddable":true,"href":"https:\/\/eb-elite.fr\/index.php\/wp-json\/wp\/v2\/media\/3235"}],"wp:attachment":[{"href":"https:\/\/eb-elite.fr\/index.php\/wp-json\/wp\/v2\/media?parent=3234"}],"wp:term":[{"taxonomy":"category","embeddable":true,"href":"https:\/\/eb-elite.fr\/index.php\/wp-json\/wp\/v2\/categories?post=3234"},{"taxonomy":"post_tag","embeddable":true,"href":"https:\/\/eb-elite.fr\/index.php\/wp-json\/wp\/v2\/tags?post=3234"}],"curies":[{"name":"wp","href":"https:\/\/api.w.org\/{rel}","templated":true}]}}