{"id":3241,"date":"2019-12-05T16:24:45","date_gmt":"2019-12-05T15:24:45","guid":{"rendered":"https:\/\/eb-elite.fr\/?p=3241"},"modified":"2019-12-05T16:24:46","modified_gmt":"2019-12-05T15:24:46","slug":"comment-facebook-ameliore-son-outil-gestion-publicites","status":"publish","type":"post","link":"https:\/\/eb-elite.fr\/index.php\/2019\/12\/05\/comment-facebook-ameliore-son-outil-gestion-publicites\/","title":{"rendered":"Comment Facebook am\u00e9liore son outil de gestion des publicit\u00e9s ?"},"content":{"rendered":"\n<p>Facebook lance \u00ab\u00a0Statut\u00a0\u00bb, une page qui est sens\u00e9e contribuer \u00e0 l&rsquo;am\u00e9lioration des campagnes de publicit\u00e9\u00a0sur la plateforme !<\/p>\n\n\n\n<p>De nouvelles informations de performance seront mises \u00e0 disposition des soci\u00e9t\u00e9s gr\u00e2ce \u00e0 cette nouvelle page. <a href=\"https:\/\/www.facebook.com\/\" target=\"_blank\" rel=\"noreferrer noopener\" aria-label=\"Facebook  (s\u2019ouvre dans un nouvel onglet)\">Facebook <\/a>avait annonc\u00e9 vouloir am\u00e9liorer son accompagnement des entreprises le long de leurs campagnes publicitaires.<\/p>\n\n\n\n<h2>Statut offre plus de\ntransparence sur la stabilit\u00e9 des services<\/h2>\n\n\n\n<p>Facebook avait avou\u00e9,\nlors de son communiqu\u00e9, \u00eatre conscient de l\u2019importance du maintien de la\nstabilit\u00e9 de ses services pour les entreprises. La page Statut a donc \u00e9t\u00e9\ncon\u00e7ue avec en t\u00eate l\u2019objectif de les tenir au courant des \u00e9ventuels dysfonctionnements\nde la plateforme.<\/p>\n\n\n\n<p>\u00ab&nbsp;\u00c0 travers ce\nlancement, Facebook s\u2019engage ainsi \u00e0 communiquer sur les probl\u00e8mes techniques\nde ses services et leur r\u00e9solution afin d\u2019assurer une exp\u00e9rience publicitaire\nr\u00e9ussie pour les sp\u00e9cialistes du marketing, qui passe aussi par un support chat\npour ses principaux annonceurs&nbsp;\u00bb.<\/p>\n\n\n\n<h2>Statut alerte les\nannonceurs quand leurs campagnes en ont besoin<\/h2>\n\n\n\n<p>La page Statut va plus\nloin encore. Elle introduit de nouvelles alertes au gestionnaire de publicit\u00e9s\nde Facebook. Ces nouvelles alertes permettront d\u2019informer les annonceurs de\ntout changement majeur. Les trois points les plus importants \u00e9tant le budget,\nl\u2019audience, et les r\u00e9sultats. <\/p>\n\n\n\n<p>Ainsi les annonceurs\nseront pr\u00e9venus d\u00e8s lors qu\u2019il y aura un chevauchement d\u2019audience ou un manque\nde r\u00e9sultats par exemple. Ce genre de notification permettra alors d\u2019attirer\nl\u2019attention sur les campagnes de publicit\u00e9 qui pourraient \u00e9ventuellement en\navoir besoin.<\/p>\n\n\n\n<p>Avec Statut, Facebook\ncontinue donc d\u2019am\u00e9liorer ses services pour les campagnes publicitaires. Le\nlancement de cette page sera b\u00e9n\u00e9fique et tr\u00e8s utile pour les personnes ayant\nplusieurs comptes publicitaires \u00e0 g\u00e9rer. Facebook avait d\u00e9j\u00e0 d\u00e9ploy\u00e9 d\u00e9but\nnovembre 2019 un outil de mon\u00e9tisation appel\u00e9 Facebook Creator Studio dans plus\nde quarante pays. Cet outil facilitait le partenariat et la promotion des\nproduits pour les annonceurs.<\/p>\n","protected":false},"excerpt":{"rendered":"<p>Facebook lance \u00ab\u00a0Statut\u00a0\u00bb, une page qui est sens\u00e9e contribuer \u00e0 l&rsquo;am\u00e9lioration des campagnes de publicit\u00e9\u00a0sur la plateforme ! De nouvelles informations de performance seront mises \u00e0 disposition des soci\u00e9t\u00e9s gr\u00e2ce \u00e0 cette nouvelle page. Facebook avait annonc\u00e9 vouloir am\u00e9liorer son accompagnement des entreprises le long de leurs campagnes publicitaires. Statut offre plus de transparence sur la stabilit\u00e9 des services Facebook &hellip;<\/p>\n","protected":false},"author":1,"featured_media":3242,"comment_status":"open","ping_status":"open","sticky":false,"template":"","format":"image","meta":[],"categories":[36],"tags":[],"yoast_head":"<!-- This site is optimized with the Yoast SEO plugin v15.0 - https:\/\/yoast.com\/wordpress\/plugins\/seo\/ -->\n<title>Comment Facebook am\u00e9liore son outil de gestion des publicit\u00e9s ?<\/title>\n<meta name=\"description\" content=\"Facebook lance &quot;Statut&quot;, une page qui est sens\u00e9e contribuer \u00e0 l&#039;am\u00e9lioration des campagnes de publicit\u00e9s sur la plateforme !\" \/>\n<meta name=\"robots\" content=\"index, follow, max-snippet:-1, max-image-preview:large, max-video-preview:-1\" \/>\n<link rel=\"canonical\" href=\"https:\/\/eb-elite.fr\/index.php\/2019\/12\/05\/comment-facebook-ameliore-son-outil-gestion-publicites\/\" \/>\n<meta property=\"og:locale\" content=\"fr_FR\" \/>\n<meta property=\"og:type\" content=\"article\" \/>\n<meta property=\"og:title\" content=\"Comment Facebook am\u00e9liore son outil de gestion des publicit\u00e9s ?\" \/>\n<meta property=\"og:description\" content=\"Facebook lance &quot;Statut&quot;, une page qui est sens\u00e9e contribuer \u00e0 l&#039;am\u00e9lioration des campagnes de publicit\u00e9s sur la plateforme !\" \/>\n<meta property=\"og:url\" content=\"https:\/\/eb-elite.fr\/index.php\/2019\/12\/05\/comment-facebook-ameliore-son-outil-gestion-publicites\/\" \/>\n<meta property=\"og:site_name\" content=\"Eb Elite\" \/>\n<meta property=\"article:publisher\" content=\"https:\/\/www.facebook.com\/ebagency\" \/>\n<meta property=\"article:published_time\" content=\"2019-12-05T15:24:45+00:00\" \/>\n<meta property=\"article:modified_time\" content=\"2019-12-05T15:24:46+00:00\" \/>\n<meta property=\"og:image\" content=\"https:\/\/eb-elite.fr\/wp-content\/uploads\/2019\/12\/fbads.jpg\" \/>\n\t<meta property=\"og:image:width\" content=\"1200\" \/>\n\t<meta property=\"og:image:height\" content=\"600\" \/>\n<meta name=\"twitter:card\" content=\"summary_large_image\" \/>\n<meta name=\"twitter:creator\" content=\"@eb_elite\" \/>\n<meta name=\"twitter:site\" content=\"@eb_elite\" \/>\n<script type=\"application\/ld+json\" class=\"yoast-schema-graph\">{\"@context\":\"https:\/\/schema.org\",\"@graph\":[{\"@type\":\"Organization\",\"@id\":\"https:\/\/eb-elite.fr\/#organization\",\"name\":\"EB Elite\",\"url\":\"https:\/\/eb-elite.fr\/\",\"sameAs\":[\"https:\/\/www.facebook.com\/ebagency\",\"https:\/\/www.instagram.com\/eb.communication\/?hl=fr\",\"https:\/\/www.linkedin.com\/company\/14776230\",\"https:\/\/twitter.com\/eb_elite\"],\"logo\":{\"@type\":\"ImageObject\",\"@id\":\"https:\/\/eb-elite.fr\/#logo\",\"inLanguage\":\"fr-FR\",\"url\":\"https:\/\/eb-elite.fr\/wp-content\/uploads\/2018\/12\/logo_horizental-2.png\",\"width\":310,\"height\":417,\"caption\":\"EB Elite\"},\"image\":{\"@id\":\"https:\/\/eb-elite.fr\/#logo\"}},{\"@type\":\"WebSite\",\"@id\":\"https:\/\/eb-elite.fr\/#website\",\"url\":\"https:\/\/eb-elite.fr\/\",\"name\":\"EB ELITE\",\"description\":\"Marketing &amp; communication\",\"publisher\":{\"@id\":\"https:\/\/eb-elite.fr\/#organization\"},\"potentialAction\":[{\"@type\":\"SearchAction\",\"target\":\"https:\/\/eb-elite.fr\/?s={search_term_string}\",\"query-input\":\"required name=search_term_string\"}],\"inLanguage\":\"fr-FR\"},{\"@type\":\"ImageObject\",\"@id\":\"https:\/\/eb-elite.fr\/index.php\/2019\/12\/05\/comment-facebook-ameliore-son-outil-gestion-publicites\/#primaryimage\",\"inLanguage\":\"fr-FR\",\"url\":\"https:\/\/eb-elite.fr\/wp-content\/uploads\/2019\/12\/fbads.jpg\",\"width\":1200,\"height\":600,\"caption\":\"publicit\\u00e9s\"},{\"@type\":\"WebPage\",\"@id\":\"https:\/\/eb-elite.fr\/index.php\/2019\/12\/05\/comment-facebook-ameliore-son-outil-gestion-publicites\/#webpage\",\"url\":\"https:\/\/eb-elite.fr\/index.php\/2019\/12\/05\/comment-facebook-ameliore-son-outil-gestion-publicites\/\",\"name\":\"Comment Facebook am\\u00e9liore son outil de gestion des publicit\\u00e9s ?\",\"isPartOf\":{\"@id\":\"https:\/\/eb-elite.fr\/#website\"},\"primaryImageOfPage\":{\"@id\":\"https:\/\/eb-elite.fr\/index.php\/2019\/12\/05\/comment-facebook-ameliore-son-outil-gestion-publicites\/#primaryimage\"},\"datePublished\":\"2019-12-05T15:24:45+00:00\",\"dateModified\":\"2019-12-05T15:24:46+00:00\",\"description\":\"Facebook lance \\\"Statut\\\", une page qui est sens\\u00e9e contribuer \\u00e0 l'am\\u00e9lioration des campagnes de publicit\\u00e9s sur la plateforme !\",\"inLanguage\":\"fr-FR\",\"potentialAction\":[{\"@type\":\"ReadAction\",\"target\":[\"https:\/\/eb-elite.fr\/index.php\/2019\/12\/05\/comment-facebook-ameliore-son-outil-gestion-publicites\/\"]}]},{\"@type\":\"Article\",\"@id\":\"https:\/\/eb-elite.fr\/index.php\/2019\/12\/05\/comment-facebook-ameliore-son-outil-gestion-publicites\/#article\",\"isPartOf\":{\"@id\":\"https:\/\/eb-elite.fr\/index.php\/2019\/12\/05\/comment-facebook-ameliore-son-outil-gestion-publicites\/#webpage\"},\"author\":{\"@id\":\"https:\/\/eb-elite.fr\/#\/schema\/person\/522b209365e77c679534ae18d0755e43\"},\"headline\":\"Comment Facebook am\\u00e9liore son outil de gestion des publicit\\u00e9s ?\",\"datePublished\":\"2019-12-05T15:24:45+00:00\",\"dateModified\":\"2019-12-05T15:24:46+00:00\",\"mainEntityOfPage\":{\"@id\":\"https:\/\/eb-elite.fr\/index.php\/2019\/12\/05\/comment-facebook-ameliore-son-outil-gestion-publicites\/#webpage\"},\"commentCount\":0,\"publisher\":{\"@id\":\"https:\/\/eb-elite.fr\/#organization\"},\"image\":{\"@id\":\"https:\/\/eb-elite.fr\/index.php\/2019\/12\/05\/comment-facebook-ameliore-son-outil-gestion-publicites\/#primaryimage\"},\"articleSection\":\"Publicit\\u00e9\",\"inLanguage\":\"fr-FR\",\"potentialAction\":[{\"@type\":\"CommentAction\",\"name\":\"Comment\",\"target\":[\"https:\/\/eb-elite.fr\/index.php\/2019\/12\/05\/comment-facebook-ameliore-son-outil-gestion-publicites\/#respond\"]}]},{\"@type\":\"Person\",\"@id\":\"https:\/\/eb-elite.fr\/#\/schema\/person\/522b209365e77c679534ae18d0755e43\",\"name\":\"Ella B.\",\"image\":{\"@type\":\"ImageObject\",\"@id\":\"https:\/\/eb-elite.fr\/#personlogo\",\"inLanguage\":\"fr-FR\",\"url\":\"https:\/\/secure.gravatar.com\/avatar\/23a43e020339fa90bacf49239417412a?s=96&d=mm&r=g\",\"caption\":\"Ella B.\"},\"description\":\"Passionn\\u00e9e par l'\\u00e9criture et le digital, je d\\u00e9niche toutes les nouveaut\\u00e9s du marketing digital pour vous en informer !\",\"sameAs\":[\"https:\/\/www.linkedin.com\/in\/ella-brabra\/\"]}]}<\/script>\n<!-- \/ Yoast SEO plugin. -->","_links":{"self":[{"href":"https:\/\/eb-elite.fr\/index.php\/wp-json\/wp\/v2\/posts\/3241"}],"collection":[{"href":"https:\/\/eb-elite.fr\/index.php\/wp-json\/wp\/v2\/posts"}],"about":[{"href":"https:\/\/eb-elite.fr\/index.php\/wp-json\/wp\/v2\/types\/post"}],"author":[{"embeddable":true,"href":"https:\/\/eb-elite.fr\/index.php\/wp-json\/wp\/v2\/users\/1"}],"replies":[{"embeddable":true,"href":"https:\/\/eb-elite.fr\/index.php\/wp-json\/wp\/v2\/comments?post=3241"}],"version-history":[{"count":1,"href":"https:\/\/eb-elite.fr\/index.php\/wp-json\/wp\/v2\/posts\/3241\/revisions"}],"predecessor-version":[{"id":3243,"href":"https:\/\/eb-elite.fr\/index.php\/wp-json\/wp\/v2\/posts\/3241\/revisions\/3243"}],"wp:featuredmedia":[{"embeddable":true,"href":"https:\/\/eb-elite.fr\/index.php\/wp-json\/wp\/v2\/media\/3242"}],"wp:attachment":[{"href":"https:\/\/eb-elite.fr\/index.php\/wp-json\/wp\/v2\/media?parent=3241"}],"wp:term":[{"taxonomy":"category","embeddable":true,"href":"https:\/\/eb-elite.fr\/index.php\/wp-json\/wp\/v2\/categories?post=3241"},{"taxonomy":"post_tag","embeddable":true,"href":"https:\/\/eb-elite.fr\/index.php\/wp-json\/wp\/v2\/tags?post=3241"}],"curies":[{"name":"wp","href":"https:\/\/api.w.org\/{rel}","templated":true}]}}