{"id":3484,"date":"2020-06-30T12:59:02","date_gmt":"2020-06-30T10:59:02","guid":{"rendered":"https:\/\/eb-elite.fr\/?p=3484"},"modified":"2020-06-30T12:59:03","modified_gmt":"2020-06-30T10:59:03","slug":"quelle-nouveaute-d-instagram-pour-concurrencer-tiktok","status":"publish","type":"post","link":"https:\/\/eb-elite.fr\/index.php\/2020\/06\/30\/quelle-nouveaute-d-instagram-pour-concurrencer-tiktok\/","title":{"rendered":"Quelle nouveaut\u00e9 d\u2019Instagram pour concurrencer TikTok ?"},"content":{"rendered":"\n<p>Instagram lance un format de vid\u00e9os courtes appel\u00e9 Reels en France ! Le but de ce nouveau format semble \u00eatre de concurrencer <a href=\"https:\/\/www.tiktok.com\/fr\/\" target=\"_blank\" rel=\"noreferrer noopener\" aria-label=\"TikTok (s\u2019ouvre dans un nouvel onglet)\">TikTok<\/a>.<\/p>\n\n\n\n<p>Des effets cr\u00e9atifs et des espaces d\u00e9di\u00e9s pour une meilleure visibilit\u00e9 seront \u00e9galement propos\u00e9s.<\/p>\n\n\n\n<h2>Reels, le nouveau format sur Instagram<\/h2>\n\n\n\n<p>Ce nouveau format de vid\u00e9o courte a \u00e9t\u00e9 test\u00e9 au Br\u00e9sil en premier avant d\u2019\u00eatre \u00e0 pr\u00e9sent lanc\u00e9 en France\u00a0! Les vid\u00e9os ont une dur\u00e9e de 15 secondes et incluent le contenu audio en plus des effets en r\u00e9alit\u00e9 augment\u00e9e et des nouveaux outils cr\u00e9atifs. Instagram s\u2019est donc largement inspir\u00e9 du format des vid\u00e9os courtes de <a rel=\"noreferrer noopener\" aria-label=\"TikTok (s\u2019ouvre dans un nouvel onglet)\" href=\"https:\/\/eb-elite.fr\/index.php\/2020\/05\/28\/quelles-sont-les-marques-qui-ont-perce-sur-tiktok\/\" target=\"_blank\">TikTok<\/a> vu la popularit\u00e9 de celles-ci sur la plateforme aux 800 millions d\u2019utilisateurs actifs par mois. Le r\u00e9seau Instagram, quant-\u00e0-lui, compte un peu plus d\u20191 milliard d\u2019utilisateurs actifs par mois. Le r\u00e9seau social souhaite donc conserver son avance sur son concurrent en proposant \u00e0 ses utilisateurs ce nouveau format.<\/p>\n\n\n\n<h2>Une meilleure visibilit\u00e9 gr\u00e2ce \u00e0 Reels<\/h2>\n\n\n\n<p>D\u2019apr\u00e8s Instagram, l\u2019objectif des Reels est de permettre \u00e0\nune nouvelle g\u00e9n\u00e9ration de talents&nbsp; de se\nfaire conna\u00eetre. La visibilit\u00e9 est donc au c\u0153ur de ce nouveau format de la\nplateforme. <\/p>\n\n\n\n<p>Pour plus de visibilit\u00e9, les Reels pourront \u00eatre partag\u00e9s\ndans le fil d\u2019actualit\u00e9, les stories ou en message priv\u00e9. Comme pour les vid\u00e9os\nissues de l\u2019IGTV, les Reels seront rassembl\u00e9s dans un onglet sur le profil\nlorsqu\u2019ils sont partag\u00e9s comme un contenu classique.<\/p>\n\n\n\n<p>Il sera \u00e9galement possible de les d\u00e9couvrir dans la partie\nExplorer d\u2019Instagram gr\u00e2ce \u00e0 une s\u00e9lection de Reels. Lorsqu\u2019un Reel est mis en\navnat par la plateforme, une notification sera envoy\u00e9e \u00e0 son auteur pour l\u2019en\ninformer. Les Reels pourront \u00e9galement \u00eatre d\u00e9couverts gr\u00e2ce aux hashtags si\nils sont cr\u00e9\u00e9s par des comptes publics comme pour le contenu classique. Pour\nles Reels partag\u00e9s en Story, ils n\u2019apparaitront ni sur le profil, ni dans\nl\u2019onglet Explorer et dispara\u00eetront au bout de 24 heures.<\/p>\n\n\n\n<h2>Les nouveaux effets cr\u00e9atifs pour les Reels<\/h2>\n\n\n\n<p>Pour cr\u00e9er un Reel sur Instagram, il faut appuyer sur\nl\u2019appareil photo situ\u00e9 en haut \u00e0 gauche de l\u2019\u00e9cran principal, puis s\u00e9lectionner\nReels parmi les types de formats propos\u00e9s. <\/p>\n\n\n\n<p>\u00c0 gauche de l\u2019\u00e9cran, la plateforme propose une s\u00e9rie\nd\u2019outils cr\u00e9atifs pour les Reels :<\/p>\n\n\n\n<ul><li>Contenu audio <\/li><li>Effets en r\u00e9alit\u00e9 augment\u00e9e<\/li><li>Minuteur et compte \u00e0 rebours<\/li><li>Aligner (pour des transitions fluides)<\/li><li>Vitesse<\/li><\/ul>\n\n\n\n<p>Les utilisateurs pourront \u00e9galement liker et commenter les\nReels sur Instagram. <\/p>\n","protected":false},"excerpt":{"rendered":"<p>Instagram lance un format de vid\u00e9os courtes appel\u00e9 Reels en France ! Le but de ce nouveau format semble \u00eatre de concurrencer TikTok. Des effets cr\u00e9atifs et des espaces d\u00e9di\u00e9s pour une meilleure visibilit\u00e9 seront \u00e9galement propos\u00e9s. Reels, le nouveau format sur Instagram Ce nouveau format de vid\u00e9o courte a \u00e9t\u00e9 test\u00e9 au Br\u00e9sil en premier avant d\u2019\u00eatre \u00e0 pr\u00e9sent &hellip;<\/p>\n","protected":false},"author":1,"featured_media":3485,"comment_status":"open","ping_status":"open","sticky":false,"template":"","format":"image","meta":[],"categories":[33],"tags":[],"yoast_head":"<!-- This site is optimized with the Yoast SEO plugin v15.0 - https:\/\/yoast.com\/wordpress\/plugins\/seo\/ -->\n<title>Quelle nouveaut\u00e9 d\u2019Instagram pour concurrencer TikTok ? - Eb Elite<\/title>\n<meta name=\"description\" content=\"Instagram lance un format de vid\u00e9os courtes appel\u00e9 Reels en France ! Le but de ce nouveau format semble \u00eatre de concurrencer TikTok.\" \/>\n<meta name=\"robots\" content=\"index, follow, max-snippet:-1, max-image-preview:large, max-video-preview:-1\" \/>\n<link rel=\"canonical\" href=\"https:\/\/eb-elite.fr\/index.php\/2020\/06\/30\/quelle-nouveaute-d-instagram-pour-concurrencer-tiktok\/\" \/>\n<meta property=\"og:locale\" content=\"fr_FR\" \/>\n<meta property=\"og:type\" content=\"article\" \/>\n<meta property=\"og:title\" content=\"Quelle nouveaut\u00e9 d\u2019Instagram pour concurrencer TikTok ? - Eb Elite\" \/>\n<meta property=\"og:description\" content=\"Instagram lance un format de vid\u00e9os courtes appel\u00e9 Reels en France ! Le but de ce nouveau format semble \u00eatre de concurrencer TikTok.\" \/>\n<meta property=\"og:url\" content=\"https:\/\/eb-elite.fr\/index.php\/2020\/06\/30\/quelle-nouveaute-d-instagram-pour-concurrencer-tiktok\/\" \/>\n<meta property=\"og:site_name\" content=\"Eb Elite\" \/>\n<meta property=\"article:publisher\" content=\"https:\/\/www.facebook.com\/ebagency\" \/>\n<meta property=\"article:published_time\" content=\"2020-06-30T10:59:02+00:00\" \/>\n<meta property=\"article:modified_time\" content=\"2020-06-30T10:59:03+00:00\" \/>\n<meta property=\"og:image\" content=\"https:\/\/eb-elite.fr\/wp-content\/uploads\/2020\/06\/Reels-750x418.jpg\" \/>\n\t<meta property=\"og:image:width\" content=\"750\" \/>\n\t<meta property=\"og:image:height\" content=\"418\" \/>\n<meta name=\"twitter:card\" content=\"summary_large_image\" \/>\n<meta name=\"twitter:creator\" content=\"@eb_elite\" \/>\n<meta name=\"twitter:site\" content=\"@eb_elite\" \/>\n<script type=\"application\/ld+json\" class=\"yoast-schema-graph\">{\"@context\":\"https:\/\/schema.org\",\"@graph\":[{\"@type\":\"Organization\",\"@id\":\"https:\/\/eb-elite.fr\/#organization\",\"name\":\"EB Elite\",\"url\":\"https:\/\/eb-elite.fr\/\",\"sameAs\":[\"https:\/\/www.facebook.com\/ebagency\",\"https:\/\/www.instagram.com\/eb.communication\/?hl=fr\",\"https:\/\/www.linkedin.com\/company\/14776230\",\"https:\/\/twitter.com\/eb_elite\"],\"logo\":{\"@type\":\"ImageObject\",\"@id\":\"https:\/\/eb-elite.fr\/#logo\",\"inLanguage\":\"fr-FR\",\"url\":\"https:\/\/eb-elite.fr\/wp-content\/uploads\/2018\/12\/logo_horizental-2.png\",\"width\":310,\"height\":417,\"caption\":\"EB Elite\"},\"image\":{\"@id\":\"https:\/\/eb-elite.fr\/#logo\"}},{\"@type\":\"WebSite\",\"@id\":\"https:\/\/eb-elite.fr\/#website\",\"url\":\"https:\/\/eb-elite.fr\/\",\"name\":\"EB ELITE\",\"description\":\"Marketing &amp; communication\",\"publisher\":{\"@id\":\"https:\/\/eb-elite.fr\/#organization\"},\"potentialAction\":[{\"@type\":\"SearchAction\",\"target\":\"https:\/\/eb-elite.fr\/?s={search_term_string}\",\"query-input\":\"required name=search_term_string\"}],\"inLanguage\":\"fr-FR\"},{\"@type\":\"ImageObject\",\"@id\":\"https:\/\/eb-elite.fr\/index.php\/2020\/06\/30\/quelle-nouveaute-d-instagram-pour-concurrencer-tiktok\/#primaryimage\",\"inLanguage\":\"fr-FR\",\"url\":\"https:\/\/eb-elite.fr\/wp-content\/uploads\/2020\/06\/Reels-750x418.jpg\",\"width\":750,\"height\":418,\"caption\":\"Reels, le nouveau format d'Instagram\"},{\"@type\":\"WebPage\",\"@id\":\"https:\/\/eb-elite.fr\/index.php\/2020\/06\/30\/quelle-nouveaute-d-instagram-pour-concurrencer-tiktok\/#webpage\",\"url\":\"https:\/\/eb-elite.fr\/index.php\/2020\/06\/30\/quelle-nouveaute-d-instagram-pour-concurrencer-tiktok\/\",\"name\":\"Quelle nouveaut\\u00e9 d\\u2019Instagram pour concurrencer TikTok ? - Eb Elite\",\"isPartOf\":{\"@id\":\"https:\/\/eb-elite.fr\/#website\"},\"primaryImageOfPage\":{\"@id\":\"https:\/\/eb-elite.fr\/index.php\/2020\/06\/30\/quelle-nouveaute-d-instagram-pour-concurrencer-tiktok\/#primaryimage\"},\"datePublished\":\"2020-06-30T10:59:02+00:00\",\"dateModified\":\"2020-06-30T10:59:03+00:00\",\"description\":\"Instagram lance un format de vid\\u00e9os courtes appel\\u00e9 Reels en France ! Le but de ce nouveau format semble \\u00eatre de concurrencer TikTok.\",\"inLanguage\":\"fr-FR\",\"potentialAction\":[{\"@type\":\"ReadAction\",\"target\":[\"https:\/\/eb-elite.fr\/index.php\/2020\/06\/30\/quelle-nouveaute-d-instagram-pour-concurrencer-tiktok\/\"]}]},{\"@type\":\"Article\",\"@id\":\"https:\/\/eb-elite.fr\/index.php\/2020\/06\/30\/quelle-nouveaute-d-instagram-pour-concurrencer-tiktok\/#article\",\"isPartOf\":{\"@id\":\"https:\/\/eb-elite.fr\/index.php\/2020\/06\/30\/quelle-nouveaute-d-instagram-pour-concurrencer-tiktok\/#webpage\"},\"author\":{\"@id\":\"https:\/\/eb-elite.fr\/#\/schema\/person\/522b209365e77c679534ae18d0755e43\"},\"headline\":\"Quelle nouveaut\\u00e9 d\\u2019Instagram pour concurrencer TikTok ?\",\"datePublished\":\"2020-06-30T10:59:02+00:00\",\"dateModified\":\"2020-06-30T10:59:03+00:00\",\"mainEntityOfPage\":{\"@id\":\"https:\/\/eb-elite.fr\/index.php\/2020\/06\/30\/quelle-nouveaute-d-instagram-pour-concurrencer-tiktok\/#webpage\"},\"commentCount\":0,\"publisher\":{\"@id\":\"https:\/\/eb-elite.fr\/#organization\"},\"image\":{\"@id\":\"https:\/\/eb-elite.fr\/index.php\/2020\/06\/30\/quelle-nouveaute-d-instagram-pour-concurrencer-tiktok\/#primaryimage\"},\"articleSection\":\"Marketing\",\"inLanguage\":\"fr-FR\",\"potentialAction\":[{\"@type\":\"CommentAction\",\"name\":\"Comment\",\"target\":[\"https:\/\/eb-elite.fr\/index.php\/2020\/06\/30\/quelle-nouveaute-d-instagram-pour-concurrencer-tiktok\/#respond\"]}]},{\"@type\":\"Person\",\"@id\":\"https:\/\/eb-elite.fr\/#\/schema\/person\/522b209365e77c679534ae18d0755e43\",\"name\":\"Ella B.\",\"image\":{\"@type\":\"ImageObject\",\"@id\":\"https:\/\/eb-elite.fr\/#personlogo\",\"inLanguage\":\"fr-FR\",\"url\":\"https:\/\/secure.gravatar.com\/avatar\/23a43e020339fa90bacf49239417412a?s=96&d=mm&r=g\",\"caption\":\"Ella B.\"},\"description\":\"Passionn\\u00e9e par l'\\u00e9criture et le digital, je d\\u00e9niche toutes les nouveaut\\u00e9s du marketing digital pour vous en informer !\",\"sameAs\":[\"https:\/\/www.linkedin.com\/in\/ella-brabra\/\"]}]}<\/script>\n<!-- \/ Yoast SEO plugin. -->","_links":{"self":[{"href":"https:\/\/eb-elite.fr\/index.php\/wp-json\/wp\/v2\/posts\/3484"}],"collection":[{"href":"https:\/\/eb-elite.fr\/index.php\/wp-json\/wp\/v2\/posts"}],"about":[{"href":"https:\/\/eb-elite.fr\/index.php\/wp-json\/wp\/v2\/types\/post"}],"author":[{"embeddable":true,"href":"https:\/\/eb-elite.fr\/index.php\/wp-json\/wp\/v2\/users\/1"}],"replies":[{"embeddable":true,"href":"https:\/\/eb-elite.fr\/index.php\/wp-json\/wp\/v2\/comments?post=3484"}],"version-history":[{"count":1,"href":"https:\/\/eb-elite.fr\/index.php\/wp-json\/wp\/v2\/posts\/3484\/revisions"}],"predecessor-version":[{"id":3486,"href":"https:\/\/eb-elite.fr\/index.php\/wp-json\/wp\/v2\/posts\/3484\/revisions\/3486"}],"wp:featuredmedia":[{"embeddable":true,"href":"https:\/\/eb-elite.fr\/index.php\/wp-json\/wp\/v2\/media\/3485"}],"wp:attachment":[{"href":"https:\/\/eb-elite.fr\/index.php\/wp-json\/wp\/v2\/media?parent=3484"}],"wp:term":[{"taxonomy":"category","embeddable":true,"href":"https:\/\/eb-elite.fr\/index.php\/wp-json\/wp\/v2\/categories?post=3484"},{"taxonomy":"post_tag","embeddable":true,"href":"https:\/\/eb-elite.fr\/index.php\/wp-json\/wp\/v2\/tags?post=3484"}],"curies":[{"name":"wp","href":"https:\/\/api.w.org\/{rel}","templated":true}]}}